{"id":42319,"date":"2026-08-18T16:15:35","date_gmt":"2026-08-18T20:15:35","guid":{"rendered":"https:\/\/cleanairenc.org\/blog\/2026\/08\/18\/analisis-la-perspectiva-de-un-estudiante-sobre-el-futuro-de-la-accion-climatica\/"},"modified":"2026-08-18T16:15:35","modified_gmt":"2026-08-18T20:15:35","slug":"analisis-la-perspectiva-de-un-estudiante-sobre-el-futuro-de-la-accion-climatica","status":"publish","type":"post","link":"https:\/\/cleanairenc.org\/es\/blog\/2026\/08\/18\/analisis-la-perspectiva-de-un-estudiante-sobre-el-futuro-de-la-accion-climatica\/","title":{"rendered":"An\u00e1lisis: la perspectiva de un estudiante sobre el futuro de la acci\u00f3n clim\u00e1tica"},"content":{"rendered":"","protected":false},"excerpt":{"rendered":"","protected":false},"author":8,"featured_media":42215,"comment_status":"closed","ping_status":"closed","sticky":false,"template":"","format":"standard","meta":{"_monsterinsights_skip_tracking":false,"_uf_show_specific_survey":0,"_uf_disable_surveys":false,"footnotes":"","_links_to":"","_links_to_target":""},"categories":[307,323,381,590],"tags":[591,592,593,594,595],"class_list":["post-42319","post","type-post","status-publish","format-standard","has-post-thumbnail","hentry","category-sin-categorizar","category-pagina-de-inicio-articulo-destacado","category-publicacion-destacada-sobre-educacion","category-nc-breathe-publicacion-destacada","tag-conferencia-nc-breathe","tag-estudiante","tag-cop30-es","tag-medidas-contra-el-cambio-climatico","tag-nc-respira"],"yoast_head":"<!-- This site is optimized with the Yoast SEO plugin v28.3 - https:\/\/yoast.com\/product\/yoast-seo-wordpress\/ -->\n<title>An\u00e1lisis: la perspectiva de un estudiante sobre el futuro de la acci\u00f3n clim\u00e1tica - CleanAIRE NC<\/title>\n<meta name=\"description\" content=\"Colin O&#039;Hagerty, estudiante de la UNC, reflexiona sobre su participaci\u00f3n en la COP30 y en la Cumbre Mundial de Alcaldes, y destaca c\u00f3mo las medidas clim\u00e1ticas locales impulsan soluciones globales.\" \/>\n<meta name=\"robots\" content=\"index, follow, max-snippet:-1, max-image-preview:large, max-video-preview:-1\" \/>\n<link rel=\"canonical\" href=\"https:\/\/cleanairenc.org\/es\/blog\/2026\/08\/18\/analisis-la-perspectiva-de-un-estudiante-sobre-el-futuro-de-la-accion-climatica\/\" \/>\n<meta property=\"og:locale\" content=\"es_ES\" \/>\n<meta property=\"og:type\" content=\"article\" \/>\n<meta property=\"og:title\" content=\"An\u00e1lisis: la perspectiva de un estudiante sobre el futuro de la acci\u00f3n clim\u00e1tica - CleanAIRE NC\" \/>\n<meta property=\"og:description\" content=\"Colin O&#039;Hagerty, estudiante de la UNC, reflexiona sobre su participaci\u00f3n en la COP30 y en la Cumbre Mundial de Alcaldes, y destaca c\u00f3mo las medidas clim\u00e1ticas locales impulsan soluciones globales.\" \/>\n<meta property=\"og:url\" content=\"https:\/\/cleanairenc.org\/es\/blog\/2026\/08\/18\/analisis-la-perspectiva-de-un-estudiante-sobre-el-futuro-de-la-accion-climatica\/\" \/>\n<meta property=\"og:site_name\" content=\"CleanAIRE NC\" \/>\n<meta property=\"article:publisher\" content=\"https:\/\/www.facebook.com\/cleanairenc\" \/>\n<meta property=\"article:published_time\" content=\"2026-08-18T20:15:35+00:00\" \/>\n<meta property=\"og:image\" content=\"https:\/\/cleanairenc.org\/wp-content\/uploads\/2026\/08\/Colin7.png\" \/>\n\t<meta property=\"og:image:width\" content=\"696\" \/>\n\t<meta property=\"og:image:height\" content=\"924\" \/>\n\t<meta property=\"og:image:type\" content=\"image\/png\" \/>\n<meta name=\"author\" content=\"Peyton Lambeth\" \/>\n<meta name=\"twitter:card\" content=\"summary_large_image\" \/>\n<meta name=\"twitter:creator\" content=\"@cleanAIREnc\" \/>\n<meta name=\"twitter:site\" content=\"@cleanAIREnc\" \/>\n<meta name=\"twitter:label1\" content=\"Escrito por\" \/>\n\t<meta name=\"twitter:data1\" content=\"Peyton Lambeth\" \/>\n<script type=\"application\/ld+json\" class=\"yoast-schema-graph\">{\"@context\":\"https:\\\/\\\/schema.org\",\"@graph\":[{\"@type\":\"Article\",\"@id\":\"https:\\\/\\\/cleanairenc.org\\\/es\\\/blog\\\/2026\\\/08\\\/18\\\/analisis-la-perspectiva-de-un-estudiante-sobre-el-futuro-de-la-accion-climatica\\\/#article\",\"isPartOf\":{\"@id\":\"https:\\\/\\\/cleanairenc.org\\\/es\\\/blog\\\/2026\\\/08\\\/18\\\/analisis-la-perspectiva-de-un-estudiante-sobre-el-futuro-de-la-accion-climatica\\\/\"},\"author\":{\"name\":\"Peyton Lambeth\",\"@id\":\"https:\\\/\\\/cleanairenc.org\\\/es\\\/#\\\/schema\\\/person\\\/9f32f0331050d8f1103814ce2cc52b24\"},\"headline\":\"An\u00e1lisis: la perspectiva de un estudiante sobre el futuro de la acci\u00f3n clim\u00e1tica\",\"datePublished\":\"2026-08-18T20:15:35+00:00\",\"mainEntityOfPage\":{\"@id\":\"https:\\\/\\\/cleanairenc.org\\\/es\\\/blog\\\/2026\\\/08\\\/18\\\/analisis-la-perspectiva-de-un-estudiante-sobre-el-futuro-de-la-accion-climatica\\\/\"},\"wordCount\":16,\"publisher\":{\"@id\":\"https:\\\/\\\/cleanairenc.org\\\/es\\\/#organization\"},\"image\":{\"@id\":\"https:\\\/\\\/cleanairenc.org\\\/es\\\/blog\\\/2026\\\/08\\\/18\\\/analisis-la-perspectiva-de-un-estudiante-sobre-el-futuro-de-la-accion-climatica\\\/#primaryimage\"},\"thumbnailUrl\":\"https:\\\/\\\/cleanairenc.org\\\/wp-content\\\/uploads\\\/2026\\\/08\\\/Colin7.png\",\"keywords\":[\"Conferencia \u00abnc breathe\u00bb\",\"estudiante\",\"cop30\",\"medidas contra el cambio clim\u00e1tico\",\"nc respira\"],\"articleSection\":[\"Sin categorizar\",\"P\u00e1gina de Inicio: Art\u00edculo Destacado\",\"Publicaci\u00f3n destacada sobre educaci\u00f3n\",\"NC BREATHE - Publicaci\u00f3n destacada\"],\"inLanguage\":\"es\"},{\"@type\":\"WebPage\",\"@id\":\"https:\\\/\\\/cleanairenc.org\\\/es\\\/blog\\\/2026\\\/08\\\/18\\\/analisis-la-perspectiva-de-un-estudiante-sobre-el-futuro-de-la-accion-climatica\\\/\",\"url\":\"https:\\\/\\\/cleanairenc.org\\\/es\\\/blog\\\/2026\\\/08\\\/18\\\/analisis-la-perspectiva-de-un-estudiante-sobre-el-futuro-de-la-accion-climatica\\\/\",\"name\":\"An\u00e1lisis: la perspectiva de un estudiante sobre el futuro de la acci\u00f3n clim\u00e1tica - CleanAIRE NC\",\"isPartOf\":{\"@id\":\"https:\\\/\\\/cleanairenc.org\\\/es\\\/#website\"},\"primaryImageOfPage\":{\"@id\":\"https:\\\/\\\/cleanairenc.org\\\/es\\\/blog\\\/2026\\\/08\\\/18\\\/analisis-la-perspectiva-de-un-estudiante-sobre-el-futuro-de-la-accion-climatica\\\/#primaryimage\"},\"image\":{\"@id\":\"https:\\\/\\\/cleanairenc.org\\\/es\\\/blog\\\/2026\\\/08\\\/18\\\/analisis-la-perspectiva-de-un-estudiante-sobre-el-futuro-de-la-accion-climatica\\\/#primaryimage\"},\"thumbnailUrl\":\"https:\\\/\\\/cleanairenc.org\\\/wp-content\\\/uploads\\\/2026\\\/08\\\/Colin7.png\",\"datePublished\":\"2026-08-18T20:15:35+00:00\",\"description\":\"Colin O'Hagerty, estudiante de la UNC, reflexiona sobre su participaci\u00f3n en la COP30 y en la Cumbre Mundial de Alcaldes, y destaca c\u00f3mo las medidas clim\u00e1ticas locales impulsan soluciones globales.\",\"breadcrumb\":{\"@id\":\"https:\\\/\\\/cleanairenc.org\\\/es\\\/blog\\\/2026\\\/08\\\/18\\\/analisis-la-perspectiva-de-un-estudiante-sobre-el-futuro-de-la-accion-climatica\\\/#breadcrumb\"},\"inLanguage\":\"es\",\"potentialAction\":[{\"@type\":\"ReadAction\",\"target\":[\"https:\\\/\\\/cleanairenc.org\\\/es\\\/blog\\\/2026\\\/08\\\/18\\\/analisis-la-perspectiva-de-un-estudiante-sobre-el-futuro-de-la-accion-climatica\\\/\"]}]},{\"@type\":\"ImageObject\",\"inLanguage\":\"es\",\"@id\":\"https:\\\/\\\/cleanairenc.org\\\/es\\\/blog\\\/2026\\\/08\\\/18\\\/analisis-la-perspectiva-de-un-estudiante-sobre-el-futuro-de-la-accion-climatica\\\/#primaryimage\",\"url\":\"https:\\\/\\\/cleanairenc.org\\\/wp-content\\\/uploads\\\/2026\\\/08\\\/Colin7.png\",\"contentUrl\":\"https:\\\/\\\/cleanairenc.org\\\/wp-content\\\/uploads\\\/2026\\\/08\\\/Colin7.png\",\"width\":696,\"height\":924,\"caption\":\"I couldn't leave the conference without taking the \\\"touristy\\\" photo next to the entrance.\"},{\"@type\":\"BreadcrumbList\",\"@id\":\"https:\\\/\\\/cleanairenc.org\\\/es\\\/blog\\\/2026\\\/08\\\/18\\\/analisis-la-perspectiva-de-un-estudiante-sobre-el-futuro-de-la-accion-climatica\\\/#breadcrumb\",\"itemListElement\":[{\"@type\":\"ListItem\",\"position\":1,\"name\":\"Home\",\"item\":\"https:\\\/\\\/cleanairenc.org\\\/es\\\/\"},{\"@type\":\"ListItem\",\"position\":2,\"name\":\"An\u00e1lisis: la perspectiva de un estudiante sobre el futuro de la acci\u00f3n clim\u00e1tica\"}]},{\"@type\":\"WebSite\",\"@id\":\"https:\\\/\\\/cleanairenc.org\\\/es\\\/#website\",\"url\":\"https:\\\/\\\/cleanairenc.org\\\/es\\\/\",\"name\":\"CleanAIRE NC\",\"description\":\"Protecting what connects us.\",\"publisher\":{\"@id\":\"https:\\\/\\\/cleanairenc.org\\\/es\\\/#organization\"},\"potentialAction\":[{\"@type\":\"SearchAction\",\"target\":{\"@type\":\"EntryPoint\",\"urlTemplate\":\"https:\\\/\\\/cleanairenc.org\\\/es\\\/?s={search_term_string}\"},\"query-input\":{\"@type\":\"PropertyValueSpecification\",\"valueRequired\":true,\"valueName\":\"search_term_string\"}}],\"inLanguage\":\"es\"},{\"@type\":\"Organization\",\"@id\":\"https:\\\/\\\/cleanairenc.org\\\/es\\\/#organization\",\"name\":\"CleanAIRE NC\",\"url\":\"https:\\\/\\\/cleanairenc.org\\\/es\\\/\",\"logo\":{\"@type\":\"ImageObject\",\"inLanguage\":\"es\",\"@id\":\"https:\\\/\\\/cleanairenc.org\\\/es\\\/#\\\/schema\\\/logo\\\/image\\\/\",\"url\":\"http:\\\/\\\/cleanairenc.org\\\/wp-content\\\/uploads\\\/2021\\\/07\\\/CleanAIRE_Logo_Mark-Navy.png\",\"contentUrl\":\"http:\\\/\\\/cleanairenc.org\\\/wp-content\\\/uploads\\\/2021\\\/07\\\/CleanAIRE_Logo_Mark-Navy.png\",\"width\":2057,\"height\":2551,\"caption\":\"CleanAIRE NC\"},\"image\":{\"@id\":\"https:\\\/\\\/cleanairenc.org\\\/es\\\/#\\\/schema\\\/logo\\\/image\\\/\"},\"sameAs\":[\"https:\\\/\\\/www.facebook.com\\\/cleanairenc\",\"https:\\\/\\\/x.com\\\/cleanAIREnc\"]},{\"@type\":\"Person\",\"@id\":\"https:\\\/\\\/cleanairenc.org\\\/es\\\/#\\\/schema\\\/person\\\/9f32f0331050d8f1103814ce2cc52b24\",\"name\":\"Peyton Lambeth\",\"url\":\"https:\\\/\\\/cleanairenc.org\\\/es\\\/blog\\\/author\\\/peyton\\\/\"}]}<\/script>\n<!-- \/ Yoast SEO plugin. -->","yoast_head_json":{"title":"An\u00e1lisis: la perspectiva de un estudiante sobre el futuro de la acci\u00f3n clim\u00e1tica - CleanAIRE NC","description":"Colin O'Hagerty, estudiante de la UNC, reflexiona sobre su participaci\u00f3n en la COP30 y en la Cumbre Mundial de Alcaldes, y destaca c\u00f3mo las medidas clim\u00e1ticas locales impulsan soluciones globales.","robots":{"index":"index","follow":"follow","max-snippet":"max-snippet:-1","max-image-preview":"max-image-preview:large","max-video-preview":"max-video-preview:-1"},"canonical":"https:\/\/cleanairenc.org\/es\/blog\/2026\/08\/18\/analisis-la-perspectiva-de-un-estudiante-sobre-el-futuro-de-la-accion-climatica\/","og_locale":"es_ES","og_type":"article","og_title":"An\u00e1lisis: la perspectiva de un estudiante sobre el futuro de la acci\u00f3n clim\u00e1tica - CleanAIRE NC","og_description":"Colin O'Hagerty, estudiante de la UNC, reflexiona sobre su participaci\u00f3n en la COP30 y en la Cumbre Mundial de Alcaldes, y destaca c\u00f3mo las medidas clim\u00e1ticas locales impulsan soluciones globales.","og_url":"https:\/\/cleanairenc.org\/es\/blog\/2026\/08\/18\/analisis-la-perspectiva-de-un-estudiante-sobre-el-futuro-de-la-accion-climatica\/","og_site_name":"CleanAIRE NC","article_publisher":"https:\/\/www.facebook.com\/cleanairenc","article_published_time":"2026-08-18T20:15:35+00:00","og_image":[{"width":696,"height":924,"url":"https:\/\/cleanairenc.org\/wp-content\/uploads\/2026\/08\/Colin7.png","type":"image\/png"}],"author":"Peyton Lambeth","twitter_card":"summary_large_image","twitter_creator":"@cleanAIREnc","twitter_site":"@cleanAIREnc","twitter_misc":{"Escrito por":"Peyton Lambeth"},"schema":{"@context":"https:\/\/schema.org","@graph":[{"@type":"Article","@id":"https:\/\/cleanairenc.org\/es\/blog\/2026\/08\/18\/analisis-la-perspectiva-de-un-estudiante-sobre-el-futuro-de-la-accion-climatica\/#article","isPartOf":{"@id":"https:\/\/cleanairenc.org\/es\/blog\/2026\/08\/18\/analisis-la-perspectiva-de-un-estudiante-sobre-el-futuro-de-la-accion-climatica\/"},"author":{"name":"Peyton Lambeth","@id":"https:\/\/cleanairenc.org\/es\/#\/schema\/person\/9f32f0331050d8f1103814ce2cc52b24"},"headline":"An\u00e1lisis: la perspectiva de un estudiante sobre el futuro de la acci\u00f3n clim\u00e1tica","datePublished":"2026-08-18T20:15:35+00:00","mainEntityOfPage":{"@id":"https:\/\/cleanairenc.org\/es\/blog\/2026\/08\/18\/analisis-la-perspectiva-de-un-estudiante-sobre-el-futuro-de-la-accion-climatica\/"},"wordCount":16,"publisher":{"@id":"https:\/\/cleanairenc.org\/es\/#organization"},"image":{"@id":"https:\/\/cleanairenc.org\/es\/blog\/2026\/08\/18\/analisis-la-perspectiva-de-un-estudiante-sobre-el-futuro-de-la-accion-climatica\/#primaryimage"},"thumbnailUrl":"https:\/\/cleanairenc.org\/wp-content\/uploads\/2026\/08\/Colin7.png","keywords":["Conferencia \u00abnc breathe\u00bb","estudiante","cop30","medidas contra el cambio clim\u00e1tico","nc respira"],"articleSection":["Sin categorizar","P\u00e1gina de Inicio: Art\u00edculo Destacado","Publicaci\u00f3n destacada sobre educaci\u00f3n","NC BREATHE - Publicaci\u00f3n destacada"],"inLanguage":"es"},{"@type":"WebPage","@id":"https:\/\/cleanairenc.org\/es\/blog\/2026\/08\/18\/analisis-la-perspectiva-de-un-estudiante-sobre-el-futuro-de-la-accion-climatica\/","url":"https:\/\/cleanairenc.org\/es\/blog\/2026\/08\/18\/analisis-la-perspectiva-de-un-estudiante-sobre-el-futuro-de-la-accion-climatica\/","name":"An\u00e1lisis: la perspectiva de un estudiante sobre el futuro de la acci\u00f3n clim\u00e1tica - CleanAIRE NC","isPartOf":{"@id":"https:\/\/cleanairenc.org\/es\/#website"},"primaryImageOfPage":{"@id":"https:\/\/cleanairenc.org\/es\/blog\/2026\/08\/18\/analisis-la-perspectiva-de-un-estudiante-sobre-el-futuro-de-la-accion-climatica\/#primaryimage"},"image":{"@id":"https:\/\/cleanairenc.org\/es\/blog\/2026\/08\/18\/analisis-la-perspectiva-de-un-estudiante-sobre-el-futuro-de-la-accion-climatica\/#primaryimage"},"thumbnailUrl":"https:\/\/cleanairenc.org\/wp-content\/uploads\/2026\/08\/Colin7.png","datePublished":"2026-08-18T20:15:35+00:00","description":"Colin O'Hagerty, estudiante de la UNC, reflexiona sobre su participaci\u00f3n en la COP30 y en la Cumbre Mundial de Alcaldes, y destaca c\u00f3mo las medidas clim\u00e1ticas locales impulsan soluciones globales.","breadcrumb":{"@id":"https:\/\/cleanairenc.org\/es\/blog\/2026\/08\/18\/analisis-la-perspectiva-de-un-estudiante-sobre-el-futuro-de-la-accion-climatica\/#breadcrumb"},"inLanguage":"es","potentialAction":[{"@type":"ReadAction","target":["https:\/\/cleanairenc.org\/es\/blog\/2026\/08\/18\/analisis-la-perspectiva-de-un-estudiante-sobre-el-futuro-de-la-accion-climatica\/"]}]},{"@type":"ImageObject","inLanguage":"es","@id":"https:\/\/cleanairenc.org\/es\/blog\/2026\/08\/18\/analisis-la-perspectiva-de-un-estudiante-sobre-el-futuro-de-la-accion-climatica\/#primaryimage","url":"https:\/\/cleanairenc.org\/wp-content\/uploads\/2026\/08\/Colin7.png","contentUrl":"https:\/\/cleanairenc.org\/wp-content\/uploads\/2026\/08\/Colin7.png","width":696,"height":924,"caption":"I couldn't leave the conference without taking the \"touristy\" photo next to the entrance."},{"@type":"BreadcrumbList","@id":"https:\/\/cleanairenc.org\/es\/blog\/2026\/08\/18\/analisis-la-perspectiva-de-un-estudiante-sobre-el-futuro-de-la-accion-climatica\/#breadcrumb","itemListElement":[{"@type":"ListItem","position":1,"name":"Home","item":"https:\/\/cleanairenc.org\/es\/"},{"@type":"ListItem","position":2,"name":"An\u00e1lisis: la perspectiva de un estudiante sobre el futuro de la acci\u00f3n clim\u00e1tica"}]},{"@type":"WebSite","@id":"https:\/\/cleanairenc.org\/es\/#website","url":"https:\/\/cleanairenc.org\/es\/","name":"CleanAIRE NC","description":"Protecting what connects us.","publisher":{"@id":"https:\/\/cleanairenc.org\/es\/#organization"},"potentialAction":[{"@type":"SearchAction","target":{"@type":"EntryPoint","urlTemplate":"https:\/\/cleanairenc.org\/es\/?s={search_term_string}"},"query-input":{"@type":"PropertyValueSpecification","valueRequired":true,"valueName":"search_term_string"}}],"inLanguage":"es"},{"@type":"Organization","@id":"https:\/\/cleanairenc.org\/es\/#organization","name":"CleanAIRE NC","url":"https:\/\/cleanairenc.org\/es\/","logo":{"@type":"ImageObject","inLanguage":"es","@id":"https:\/\/cleanairenc.org\/es\/#\/schema\/logo\/image\/","url":"http:\/\/cleanairenc.org\/wp-content\/uploads\/2021\/07\/CleanAIRE_Logo_Mark-Navy.png","contentUrl":"http:\/\/cleanairenc.org\/wp-content\/uploads\/2021\/07\/CleanAIRE_Logo_Mark-Navy.png","width":2057,"height":2551,"caption":"CleanAIRE NC"},"image":{"@id":"https:\/\/cleanairenc.org\/es\/#\/schema\/logo\/image\/"},"sameAs":["https:\/\/www.facebook.com\/cleanairenc","https:\/\/x.com\/cleanAIREnc"]},{"@type":"Person","@id":"https:\/\/cleanairenc.org\/es\/#\/schema\/person\/9f32f0331050d8f1103814ce2cc52b24","name":"Peyton Lambeth","url":"https:\/\/cleanairenc.org\/es\/blog\/author\/peyton\/"}]}},"_links":{"self":[{"href":"https:\/\/cleanairenc.org\/es\/wp-json\/wp\/v2\/posts\/42319","targetHints":{"allow":["GET"]}}],"collection":[{"href":"https:\/\/cleanairenc.org\/es\/wp-json\/wp\/v2\/posts"}],"about":[{"href":"https:\/\/cleanairenc.org\/es\/wp-json\/wp\/v2\/types\/post"}],"author":[{"embeddable":true,"href":"https:\/\/cleanairenc.org\/es\/wp-json\/wp\/v2\/users\/8"}],"replies":[{"embeddable":true,"href":"https:\/\/cleanairenc.org\/es\/wp-json\/wp\/v2\/comments?post=42319"}],"version-history":[{"count":0,"href":"https:\/\/cleanairenc.org\/es\/wp-json\/wp\/v2\/posts\/42319\/revisions"}],"wp:featuredmedia":[{"embeddable":true,"href":"https:\/\/cleanairenc.org\/es\/wp-json\/wp\/v2\/media\/42215"}],"wp:attachment":[{"href":"https:\/\/cleanairenc.org\/es\/wp-json\/wp\/v2\/media?parent=42319"}],"wp:term":[{"taxonomy":"category","embeddable":true,"href":"https:\/\/cleanairenc.org\/es\/wp-json\/wp\/v2\/categories?post=42319"},{"taxonomy":"post_tag","embeddable":true,"href":"https:\/\/cleanairenc.org\/es\/wp-json\/wp\/v2\/tags?post=42319"}],"curies":[{"name":"wp","href":"https:\/\/api.w.org\/{rel}","templated":true}]}}